{"id":2152,"date":"2024-03-20T10:48:10","date_gmt":"2024-03-20T09:48:10","guid":{"rendered":"http:\/\/www.gokostudio.com\/bettina-koroluk-no-podemos-seguir-disenando-para-las-familias-de-nuestros-abuelos\/"},"modified":"2024-06-10T10:58:30","modified_gmt":"2024-06-10T08:58:30","slug":"bettina-koroluk-no-podemos-seguir-disenando-para-las-familias-de-nuestros-abuelos","status":"publish","type":"post","link":"https:\/\/www.gokostudio.com\/en\/bettina-koroluk-no-podemos-seguir-disenando-para-las-familias-de-nuestros-abuelos\/","title":{"rendered":"Bettina Koroluk: \u00abNo podemos seguir dise\u00f1ando para las familias de nuestros abuelos\u00bb"},"content":{"rendered":"<p>Con una pasi\u00f3n arraigada por la arquitectura y su profunda conexi\u00f3n con el bienestar emocional y f\u00edsico, <strong>Bettina Koroluk ha forjado su carrera en el dise\u00f1o y la conservaci\u00f3n del patrimonio edificado<\/strong>. Originaria de Argentina, donde obtuvo su licenciatura en Arquitectura, pronto se sumergi\u00f3 en el mundo de la Restauraci\u00f3n y Conservaci\u00f3n del Patrimonio, destac\u00e1ndose en la Secretar\u00eda de Cultura de la Ciudad de Buenos Aires y el Colegio de Arquitectos de la provincia de Buenos Aires.<\/p>\n<p>Tras su traslado a Espa\u00f1a en el 2001, su trayectoria se enriqueci\u00f3 con experiencias en reconocidos despachos de arquitectura, <strong>especializ\u00e1ndose en proyectos de gran envergadura, desde la arquitectura aeroportuaria hasta la residencial<\/strong>. Su compromiso con la excelencia y su inter\u00e9s en la relaci\u00f3n entre arquitectura y bienestar la llev\u00f3 a completar un M\u00e1ster en Arquitectura y Salud en el 2022.<\/p>\n<p>En el 2014, junto a Claudio Gonz\u00e1lez <strong>fund\u00f3 Gokostudio Arquitectura en Sitges, Barcelona, adoptando un enfoque artesanal y de calidad sobre la cantidad<\/strong>. Su estudio se distingue por la priorizaci\u00f3n de la sostenibilidad, la adaptabilidad a cada cliente y contexto, y la b\u00fasqueda constante de la armon\u00eda y la eficiencia energ\u00e9tica en cada proyecto. Su obra refleja valores como la austeridad y la serenidad, tejiendo un legado arquitect\u00f3nico que promueve el bienestar en su m\u00e1xima expresi\u00f3n.<\/p>\n<p><strong>Tienes una amplia y variada carrera como profesional de la arquitectura -e incluso como docente-, en Argentina. \u00bfQu\u00e9 diferencias has observado entre trabajar en despachos de arquitectura en Argentina y en Espa\u00f1a, y c\u00f3mo has integrado estas experiencias en tu propia pr\u00e1ctica?<\/strong><\/p>\n<p>El ejercicio profesional tiene un desarrollo \u201cte\u00f3rico\u201d bastante similar en ambos pa\u00edses. Sin embargo, <strong>en Argentina casi todo es m\u00e1s improvisado<\/strong>: desde la propia definici\u00f3n del proyecto, hasta el contexto pol\u00edtico econ\u00f3mico que impacta en la marcha de todas las actividades. Esto obliga a los arquitectos a estar <strong>desproporcionadamente vigilantes durante toda la obra<\/strong>. Aunque aqu\u00ed desarrollamos los proyectos con un alto grado de detalle, tambi\u00e9n surgen contratiempos, sobre todo por la manufactura artesana que viene impl\u00edcita en la pr\u00e1ctica constructiva. Haber dado los primeros pasos en Argentina fue una buena \u00abescuela\u00bb que me prepar\u00f3 especialmente para los imprevistos.<\/p>\n<p><strong>\u00bfQu\u00e9 te atrajo espec\u00edficamente hacia la especializaci\u00f3n en arquitectura de transporte, como en el caso de los aeropuertos, y c\u00f3mo crees que esta experiencia influy\u00f3 en tu desarrollo profesional?<\/strong><\/p>\n<p>Mientras cursaba la carrera de Arquitectura, jam\u00e1s imagin\u00e9 que tendr\u00eda la oportunidad de colaborar en proyectos de terminales aeroportuarias. Pero <strong>llegu\u00e9 a Espa\u00f1a en plena expansi\u00f3n de Aena<\/strong>, con su programa de reconversi\u00f3n, renovaci\u00f3n y ampliaci\u00f3n de aeropuertos comerciales y esto me dio <strong>la oportunidad de trabajar en este tipo de proyectos durante 5 a\u00f1os<\/strong>.<\/p>\n<p>En proyectos de tan gran envergadura participa un equipo interdisciplinar verdaderamente amplio, y<strong> el cliente no es uno, sino decenas<\/strong> (desde la propia Aena, hasta el usuario final -viajero- pasando por las propias aeronaves, tiendas comerciales, controles internacionales, equipajes extraviados, polic\u00eda, y un largo etc\u00e9tera) y <strong>todos tienen exigencias importantes para el edificio<\/strong> (y por tanto para el Arquitecto que lo dise\u00f1a). Colaborar en este tipo de encargos, me permiti\u00f3 aprender a entender miradas profesionales muy diferentes a las de un arquitecto. \u00a0Esto fue lo verdaderamente enriquecedor. Me prepar\u00f3 para mucho de lo que vino despu\u00e9s.<\/p>\n<blockquote><p>\u00abHaber dado los primeros pasos en Argentina fue una buena escuela que me prepar\u00f3 especialmente para los imprevistos\u00bb<\/p><\/blockquote>\n<p><strong>\u00bfQu\u00e9 te motiv\u00f3 a fundar Gokostudio Arquitectura?\u00a0\u00a0<\/strong><\/p>\n<div class=\"wp-block-image\">\n<figure class=\"alignleft size-full\"><img loading=\"lazy\" decoding=\"async\" class=\"alignnone size-full wp-image-2140\" src=\"http:\/\/www.gokostudio.com\/wp-content\/uploads\/2024\/06\/1-Bettina-Koroluk.jpeg\" alt=\"\" width=\"250\" height=\"233\" srcset=\"https:\/\/www.gokostudio.com\/wp-content\/uploads\/2024\/06\/1-Bettina-Koroluk.jpeg 250w, https:\/\/www.gokostudio.com\/wp-content\/uploads\/2024\/06\/1-Bettina-Koroluk-80x75.jpeg 80w\" sizes=\"auto, (max-width:767px) 250px, 250px\" \/><\/figure>\n<\/div>\n<p><strong>Siempre tuve la ilusi\u00f3n de tener mi propio despacho<\/strong>. Al trasladarme a Espa\u00f1a, esto se demor\u00f3: era necesario homologar el t\u00edtulo de Arquitecta. Pero es positivo que as\u00ed fuera. Los a\u00f1os que dediqu\u00e9 a\u00a0convalidar el t\u00edtulo <strong>me sirvieron para adquirir experiencia local y aprender como se trabaja aqu\u00ed<\/strong>, con todos sus matices espec\u00edficos. Trabajando en M\u00e9trica, conoc\u00ed a Claudio Gonz\u00e1lez, con quien formamos un t\u00e1ndem perfecto: la coincidencia de valores y las diferencias en la forma de encarar los problemas aporta un valor a\u00f1adido a los proyectos.<\/p>\n<p>Y, \u00bfcu\u00e1l es la filosof\u00eda y los valores fundamentales que gu\u00edan el trabajo de tu despacho?<\/p>\n<p>Cuando fundamos Gokostudio, ten\u00edamos claro que nos interesar\u00eda estar siempre vinculados a los proyectos que nos encargaran, y esto nos llev\u00f3 a <strong>planear una estructura de peque\u00f1o formato<\/strong>: preferimos la calidad a la cantidad, y damos prioridad a la excelencia de todo el proceso.<\/p>\n<p>Cada cliente y cada sitio es diferente, por lo que a su vez cada edificio deber\u00eda serlo. Esta es la raz\u00f3n por la que tenemos <strong>un \u00abenfoque\u00bb en lugar de un estilo, y la sostenibilidad sustenta todo lo que hacemos<\/strong>.<\/p>\n<p><strong>Nuestro objetivo es crear edificios lujosos<\/strong>, que para nosotros no es la ostentaci\u00f3n de materiales y formas, sino esa piel erizada y ese nudo en la garganta que sentimos cuando <strong>apreciamos y participamos de algo bello<\/strong>.\u00a0Los valores que compartimos: austeridad, serenidad, precisi\u00f3n, humildad, equilibrio, armon\u00eda, sostenibilidad, orden, contenci\u00f3n e ingenio inspiran y ti\u00f1en la obra de nuestro estudio.<\/p>\n<blockquote class=\"wp-block-quote is-layout-flow wp-block-quote-is-layout-flow\"><p>\u00abPreferimos la calidad a la cantidad, y damos prioridad a la excelencia de todo el proceso\u00bb<\/p><\/blockquote>\n<p><strong>\u00bfCu\u00e1les consideras que son los principales desaf\u00edos y consideraciones al dise\u00f1ar proyectos de arquitectura residencial, tanto plurifamiliares como unifamiliares, con un enfoque en la rehabilitaci\u00f3n y reconcepci\u00f3n para nuevos usos?<\/strong><\/p>\n<p>En este punto he de decir, que la pelota est\u00e1 en el campo de juego de las administraciones p\u00fablicas. <strong>Tanto en lo que ata\u00f1e a la rehabilitaci\u00f3n, como al dise\u00f1o de arquitectura residencial<\/strong>.\u00a0Hace 20 a\u00f1os, cuando me licenci\u00e9, lo habitual era aprovechar edificios antiguos, siempre que tuvieran cierto valor art\u00edstico.\u00a0Hoy d\u00eda:<\/p>\n<ul>\n<li>El mundo enfrenta una crisis ecol\u00f3gica y clim\u00e1tica, as\u00ed como una escasez de recursos naturales sin parang\u00f3n en la historia.<\/li>\n<li>Los edificios heredados en ciudades consolidadas, ya est\u00e1n dotados de todos los servicios urbanos que necesitan.<\/li>\n<li>Se gastas 684 litros de agua \/ m2 construido, para levantar un edificio nuevo.<\/li>\n<li>Las demoliciones generan enorme cantidad de residuos que rara vez son reutilizados<\/li>\n<\/ul>\n<div class=\"wp-block-image\" style=\"text-align: center;\">\n<figure class=\"aligncenter size-full\"><img loading=\"lazy\" decoding=\"async\" class=\"aligncenter wp-image-2142 size-full\" src=\"http:\/\/www.gokostudio.com\/wp-content\/uploads\/2024\/06\/2-Bettina-Koroluk.jpg\" alt=\"\" width=\"650\" height=\"448\" srcset=\"https:\/\/www.gokostudio.com\/wp-content\/uploads\/2024\/06\/2-Bettina-Koroluk.jpg 650w, https:\/\/www.gokostudio.com\/wp-content\/uploads\/2024\/06\/2-Bettina-Koroluk-300x207.jpg 300w, https:\/\/www.gokostudio.com\/wp-content\/uploads\/2024\/06\/2-Bettina-Koroluk-109x75.jpg 109w\" sizes=\"auto, (max-width:767px) 650px, 650px\" \/><figcaption class=\"wp-element-caption\"><em>Cortines. Reforma integral loft en el Born, Barcelona.<\/em><\/figcaption><\/figure>\n<\/div>\n<p>Entonces<strong> \u00bfpor qu\u00e9 no rehabilitar los edificios que tenemos, incluso aunque no tengan valor patrimonial?<\/strong><\/p>\n<p>En este sentido, urge que las administraciones p\u00fablicas impulsen pol\u00edticas que incentiven la conservaci\u00f3n, rehabilitaci\u00f3n y transformaci\u00f3n. <strong>Se podr\u00edan encajar muchos programas funcionales de viviendas <\/strong>(de todo tipo) si se fomentara el aprovechamiento de contenedores existentes, con ayudas econ\u00f3micas, procedimientos administrativos m\u00e1s fluidos y normativas m\u00e1s flexibles que facilite su reconversi\u00f3n. Y esto me lleva al siguiente punto.<\/p>\n<p>Es necesario <strong>dar respuesta al acuciante problema de la falta de vivienda<\/strong>. En todas las grandes ciudades de Espa\u00f1a tenemos un d\u00e9ficit habitacional alarmante. Y urge tambi\u00e9n revisar las necesidades de los usuarios. El producto que conseguimos con la normativa que tenemos, \u00bfes la vivienda que la gente necesita?<\/p>\n<p>Las casas que dise\u00f1amos (seg\u00fan la normativa vigente), <strong>perpet\u00faan una forma de vivir pasada<\/strong>, de casi medio siglo atr\u00e1s, momento en que esas normas fueron redactadas. Pero los modos de vivir y habitar van cambiando y existe una creciente minor\u00eda cuyas vidas son muy diferentes a las de sus padres o abuelos.<\/p>\n<p><strong>La vida cambia y seguimos insistiendo en los mismos valores de siempre<\/strong>. La vida cambia y seguimos dise\u00f1ando y construyendo las mismas casas de siempre.<\/p>\n<p><strong>No podemos seguir dise\u00f1ando para las familias de nuestros abuelos<\/strong>, pero para superar este obst\u00e1culo es imprescindible que las administraciones p\u00fablicas revisen y flexibilicen la normativa de habitabilidad, para proporcionarnos el soporte que nos permita echar a andar la creatividad, y dise\u00f1ar casas \u00ababiertas al cambio\u00bb, \u00abflexibles\u00bb, \u00abvers\u00e1tiles\u00bb, capaces de\u00a0 satisfacer necesidades de la nueva realidad social,\u00a0 Y esto <strong>abarca desde familias tradicionales, hasta estructuras de coliving temporales<\/strong>, pasando por\u00a0 un sinf\u00edn de formatos familiares en sus modelos de convivencia, que van en notable aumento.<\/p>\n<p>S\u00e9 que no es tarea f\u00e1cil: es un desaf\u00edo gordo dise\u00f1ar normativa para evitar la especulaci\u00f3n, y articularlo en procedimientos equilibrados. Pero en esto reside probablemente el mayor desaf\u00edo.<\/p>\n<blockquote class=\"wp-block-quote is-layout-flow wp-block-quote-is-layout-flow\"><p>\u00abLa vida cambia y seguimos insistiendo en los mismos valores de siempre\u00bb<\/p><\/blockquote>\n<p><strong>\u00bfPuedes compartir alg\u00fan proyecto (o varios) destacado en el que hayas trabajado que te haya marcado especialmente y por qu\u00e9?<\/strong><\/p>\n<p>Gokostudio naci\u00f3 con dos proyectos que ganamos en concurso p\u00fablico. No fueron precisamente de arquitectura residencial (que es una de las tipolog\u00edas en las que nos hemos convertido en especialistas), pero <strong>fueron dos proyectos verdaderamente importantes en nuestra carrera profesional<\/strong>. Se trataba de <strong>colegios de ense\u00f1anza primaria en la provincia de Toledo<\/strong>, y recuerdo las altas dosis de verdad, humor y energ\u00eda que derrochamos en hacerlos. No es que el resto de proyectos carezcan de entusiasmo, pero estos en particular, estaban tocados por la varita m\u00e1gica, por ser los primeros del despacho, y recibir la fiebre del enamoramiento propia de todos los inicios, que inevitablemente se pierde o se contamina con los problemas y la rutina en las empresas (y relaciones) de largo recorrido.<\/p>\n<p>Adem\u00e1s, nos sent\u00edamos de los m\u00e1s afortunados del pa\u00eds, ya que estos proyectos coincidieron con <strong>una de las \u00e9pocas m\u00e1s cr\u00edticas del sector<\/strong> (2009 \u2013 2014),<strong> cuando el 60% del colectivo estaba en paro<\/strong>.<\/p>\n<p>Dentro del marco de la arquitectura residencial, podr\u00eda destacar <strong>Villa Luisa<\/strong>: Una casa de principios del siglo XX, de valor patrimonial y paisaj\u00edstico, donde <strong>el reto consisti\u00f3 en encontrar el equilibrio entre el clasicismo y lo contempor\u00e1neo<\/strong>. Fue especialmente interesante, porque es un proyecto donde hubo un poco de todo:\u00a0rehabilitaci\u00f3n, ampliaci\u00f3n, dise\u00f1o interior. Y vaya casualidad: otra vez, coincidi\u00f3 con una \u00e9poca de crisis del sector ya que<strong> la obra se llev\u00f3 a cabo en simult\u00e1neo con el confinamiento por la COVID<\/strong>.<\/p>\n<p>&nbsp;<\/p>\n<p style=\"text-align: center;\"><img loading=\"lazy\" decoding=\"async\" class=\"aligncenter size-full wp-image-2144\" src=\"http:\/\/www.gokostudio.com\/wp-content\/uploads\/2024\/06\/3-Bettina-Koroluk.jpg\" alt=\"\" width=\"650\" height=\"486\" srcset=\"https:\/\/www.gokostudio.com\/wp-content\/uploads\/2024\/06\/3-Bettina-Koroluk.jpg 650w, https:\/\/www.gokostudio.com\/wp-content\/uploads\/2024\/06\/3-Bettina-Koroluk-300x224.jpg 300w, https:\/\/www.gokostudio.com\/wp-content\/uploads\/2024\/06\/3-Bettina-Koroluk-100x75.jpg 100w\" sizes=\"auto, (max-width:767px) 650px, 650px\" \/><\/p>\n<p style=\"text-align: center;\"><em>Villa Luisa<\/em><\/p>\n<p><strong>\u00bfQu\u00e9 proyectos est\u00e1s desarrollando actualmente y qu\u00e9 destacar\u00edas de ellos?<\/strong><\/p>\n<p>\u00daltimamente estamos trabajando m\u00e1s con proyectos privados. Cada vez es m\u00e1s dif\u00edcil acceder a los concursos p\u00fablicos.\u00a0Actualmente, en la cocina de Gokostudio, <strong>se est\u00e1n horneando dos viviendas unifamiliares<\/strong> de obra nueva en el conurbano barcelon\u00e9s, dos reformas integrales en la ciudad condal, dos rehabilitaciones y ampliaciones integrales (tambi\u00e9n de uso residencial\/mixto)\u00a0 y un hotel en el sur de Argentina.<\/p>\n<p>Por nuestro habitual entusiasmo, disfrutamos de todo lo que hacemos.\u00a0Saltamos de una escala a otra sin demasiados problemas. Y en todos siempre est\u00e1n presentes tres pilares esenciales: sorpresa, emoci\u00f3n y generosidad. A nuestro entender, la arquitectura no se puede concebir como una m\u00e1quina de rendimiento efectivo a corto plazo. El espacio, el aire, la luz, son intangibles que juegan un papel crucial.<\/p>\n<p><strong>\u00bfC\u00f3mo describir\u00edas la importancia de la relaci\u00f3n entre la arquitectura y el bienestar f\u00edsico y emocional, y c\u00f3mo influye esta perspectiva en tu enfoque profesional?<\/strong><\/p>\n<p><strong>Salud no es solo lo que comemos: es lo que vemos, lo que escuchamos, lo que leemos<\/strong>, las personas con las que nos relacionamos y los espacios que habitamos. El entorno que nos rodea incide directamente sobre nuestra salud, \u00bfCu\u00e1nto?\u00a0 Seg\u00fan estad\u00edsticas de Sanidad, un 19%. Entonces, \u00bfpor qu\u00e9 no empezar a pensar a pensar c\u00f3mo queremos sentirnos en nuestras casas y espacios de trabajo.<\/p>\n<p>Haci\u00e9ndonos eco de estos datos estad\u00edsticos sobre el impacto del espacio en el bienestar de sus ocupantes, dise\u00f1amos una arquitectura que colabore con el desarrollo hol\u00edstico del ser humano, desde los primeros bocetos. Sobre todo porque en Gokostudio estamos muy focalizados en Arquitectura de larga estancia: viviendas, hoteles, oficinas, escuelas, en definitiva sitios donde pasamos m\u00e1s de 8 horas\u2026 y <strong>es imprescindible no perder de vista el impacto que generar\u00e1n estos espacios<\/strong> en el bienestar f\u00edsico y emocional de sus ocupantes.<\/p>\n<blockquote class=\"wp-block-quote is-layout-flow wp-block-quote-is-layout-flow\"><p>\u00abDise\u00f1amos una arquitectura que colabore con el desarrollo hol\u00edstico del ser humano\u00bb<\/p><\/blockquote>\n<p><strong>\u00a0\u00bfC\u00f3mo trabajas para promover la salud f\u00edsica y emocional de los ocupantes a trav\u00e9s del dise\u00f1o de espacios?<\/strong><\/p>\n<p>Podr\u00eda resumir diciendo que las disciplinas que m\u00e1s nos ayudan en el dise\u00f1o de espacios \u00absanos\u00bb son: la <strong>Arquitectura bioclim\u00e1tica<\/strong>, la <strong>bioconstrucci\u00f3n <\/strong>y la <strong>neuroarquitectura <\/strong>(o psicolog\u00eda ambiental).<\/p>\n<p>Cuando se trata de una obra nueva, para las dos primeras fases: 1) Implantaci\u00f3n del edificio y 2) dise\u00f1o del volumen, <strong>casi seguimos al pie de la letra los criterios de la Arquitectura bioclim\u00e1tica<\/strong>: Clima, ruido, contaminaci\u00f3n del aire exterior, sombras de edificios cercanos, geolog\u00eda, topograf\u00eda, hidrograf\u00eda, paso de instalaciones urbanas de alta tensi\u00f3n, son algunos de los elementos a tener en cuenta para dise\u00f1ar una buena implantaci\u00f3n del nuevo edificio. Mientras que orientaci\u00f3n, composici\u00f3n de vol\u00famenes, grado de compacidad del edificio, son <strong>los elementos con los que podemos dise\u00f1ar nuestro edificio en su definici\u00f3n volum\u00e9trica y formal<\/strong>.<\/p>\n<p>Para la elecci\u00f3n de<strong> sistemas constructivos y materiales de acabados<\/strong>, as\u00ed como para el dise\u00f1o de instalaciones, echamos mano de las <strong>pautas de la bioconstrucci\u00f3n<\/strong>, para <strong>evitar contaminaci\u00f3n<\/strong> biol\u00f3gica, qu\u00edmica y electrost\u00e1tica. Y la neuroquitectura (o psicolog\u00eda ambiental) est\u00e1 presente de forma tangencial en todas las fases, e incluso en la definici\u00f3n del interiorismo,<\/p>\n<p>En cualquier caso,<strong> ning\u00fan criterio se aplica de forma lineal<\/strong>. El dise\u00f1o es un proceso de ida y vuelta, y durante todo el desarrollo del proyecto, se interrelaciones y sopesan todas estas pautas con los listados de requerimientos espec\u00edficos del cliente, que es quien est\u00e1 en el centro del dise\u00f1o.<\/p>\n<p><strong>\u00bfC\u00f3mo crees que la sostenibilidad puede ser una oportunidad para mejorar la calidad de vida en las comunidades a trav\u00e9s del dise\u00f1o arquitect\u00f3nico?<\/strong><\/p>\n<p>La crisis clim\u00e1tica nos ayud\u00f3 a revisar algunos conceptos del<strong> \u00absaber tradicional ancestral\u00bb <\/strong>en aras de la sostenibilidad. Y con esto quiero hacer especial hincapi\u00e9 en la Arquitectura bioclim\u00e1tica: afortunadamente <strong>a\u00fan no hemos de pagar por dise\u00f1ar aprovechando los recursos naturales<\/strong> como el sol, el viento, la lluvia o la vegetaci\u00f3n, y este es uno de los primeros criterios que debemos tener en cuenta\u00a0 la hora de dise\u00f1ar, si queremos conseguir <strong>edificios menos agresivos con la naturaleza<\/strong>.<\/p>\n<p>Arquitectura bioclim\u00e1tica y bioconstrucci\u00f3n est\u00e1n muy alineadas con la sostenibilidad. Y tal vez son t\u00e9rminos que suenan nuevos en las generaciones m\u00e1s j\u00f3venes, pero sus criterios responden a la forma tradicional de construir, antes de la los avances de la tecnolog\u00eda industrial (hierro y hormig\u00f3n).<\/p>\n<ul>\n<li>Aprovechar la incidencia de la luz natural (sobre todo en invierno), a la vez que controlar el asoleamiento (en verano)<\/li>\n<li>Proteger a la vivienda y sus habitantes de alteraciones geol\u00f3gicas<\/li>\n<li>Aprovechar el viento como recurso inagotable para una ventilaci\u00f3n natural<\/li>\n<li>Reservar espacios libres e incorporar la vegetaci\u00f3n para evitar el efecto isla de calor<\/li>\n<li>Elegir y dise\u00f1ar los sistemas constructivos para completar cuestiones que no se resuelven desde el dise\u00f1o de la implantaci\u00f3n, el volumen y la forma como: inercia t\u00e9rmica, aislamiento, ventilaci\u00f3n, protecciones.<\/li>\n<li>Elegir materiales \u00abbio\u00bb, en armon\u00eda con la biolog\u00eda del entorno, y pocas o ninguna incorporaci\u00f3n de materiales qu\u00edmicos o derivados del petr\u00f3leo.<\/li>\n<\/ul>\n<p>Estas pautas estrat\u00e9gicas, son <strong>aplicables en varias fases del dise\u00f1o<\/strong>, desde la implantaci\u00f3n de la edificaci\u00f3n en el solar, pasando por el dise\u00f1o del volumen y la forma, el dise\u00f1o de la envolvente, el dise\u00f1o del sistema constructivo, el dise\u00f1o de instalaciones, hasta la elecci\u00f3n de materiales.<\/p>\n<blockquote class=\"wp-block-quote is-layout-flow wp-block-quote-is-layout-flow\"><p>\u00abLa crisis clim\u00e1tica nos ayud\u00f3 a revisar algunos conceptos del \u00absaber tradicional ancestral\u00bb en aras de la sostenibilidad\u00bb<\/p><\/blockquote>\n<p><strong>\u00bfC\u00f3mo integras los principios de sostenibilidad y eficiencia energ\u00e9tica en tus dise\u00f1os de arquitectura residencial, especialmente en contextos de rehabilitaci\u00f3n y reconversi\u00f3n?<\/strong><\/p>\n<p>Medidas pasivas aplicadas en la mejora de la envolvente y medidas activas como renovaci\u00f3n de\u00a0<strong>instalaciones obsoletas por alternativas m\u00e1s eficientes<\/strong> (como la aerotermia, geotermia), sumadas a la<strong> generaci\u00f3n de energ\u00eda renovable <\/strong>(placas fotovoltaicas), son tres de los recursos m\u00e1s utilizados para mejorar la eficiencia energ\u00e9tica en contextos de rehabilitaci\u00f3n y reconversi\u00f3n.<\/p>\n<p>Ayudas como las del programa \u00abnext generation\u00bb, <strong>dan el empuj\u00f3n final para\u00a0 que los usuarios se animen a\u00a0 llevar a cabo estas inversiones<\/strong>.\u00a0 En cuanto a la sostenibilidad, elegimos materiales naturales (no derivados del petr\u00f3leo) y\u00a0 kil\u00f3metro cero (o casi), reduciendo as\u00ed la huella medioambiental, a la vez que generamos espacios saludables.<\/p>\n<p><strong>\u00bfCu\u00e1l es tu opini\u00f3n sobre el papel de la arquitectura residencial en la promoci\u00f3n de comunidades sostenibles y resilientes, y c\u00f3mo abordas este aspecto en tus proyectos?<\/strong><\/p>\n<p>Se han proyectado y <strong>construido millones de viviendas<\/strong> cuyo fin no era<strong> mejorar la vida de sus futuros habitantes<\/strong>, sino tan solo lograr el m\u00e1ximo lucro de sus promotores.<\/p>\n<p>Espero que la entrada de comunidades sostenibles y resilientes\u00a0en el terreno de juego, ayude a devolver el sentido a la arquitectura: entendi\u00e9ndola ante todo como un medio destinado a lograr (o colaborar) en el desarrollo personal y social de las personas que har\u00e1n uso de ella.<\/p>\n<div class=\"wp-block-image\" style=\"text-align: center;\">\n<figure class=\"aligncenter size-full\"><img loading=\"lazy\" decoding=\"async\" class=\"aligncenter wp-image-2146 size-full\" src=\"http:\/\/www.gokostudio.com\/wp-content\/uploads\/2024\/06\/4-Bettina-Koroluk.png\" alt=\"\" width=\"650\" height=\"366\" srcset=\"https:\/\/www.gokostudio.com\/wp-content\/uploads\/2024\/06\/4-Bettina-Koroluk.png 650w, https:\/\/www.gokostudio.com\/wp-content\/uploads\/2024\/06\/4-Bettina-Koroluk-300x169.png 300w, https:\/\/www.gokostudio.com\/wp-content\/uploads\/2024\/06\/4-Bettina-Koroluk-133x75.png 133w\" sizes=\"auto, (max-width:767px) 650px, 650px\" \/><figcaption class=\"wp-element-caption\"><em>Vista exterior del Hotel Andes, otro proyecto de Goko Arquitectos.<\/em><\/figcaption><\/figure>\n<\/div>\n<p><strong>Los diferentes m\u00e1steres que has cursado te han proporcionado amplios conocimientos y te han permitido abarcar muchas \u00e1reas. \u00bfQu\u00e9 aspectos crees que deber\u00edan ser prioritarios en la formaci\u00f3n de los arquitectos para abordar los desaf\u00edos actuales y futuros de la profesi\u00f3n?<\/strong><\/p>\n<p>En verano de 2023, a prop\u00f3sito del Congreso Mundial de Arquitectura que se celebrar\u00e1 en Barcelona en 2026, participamos en debates alrededor de este asunto. Y sin duda concluimos que la Universidad debe <strong>mantenerse en su empe\u00f1o por ense\u00f1ar Arquitectura <\/strong>con may\u00fasculas. Con esto quiero decir, ense\u00f1ar conocimientos, y<strong> fomentar el esp\u00edritu cr\u00edtico<\/strong>, sin olvidar el foco humanitario de esta profesi\u00f3n: principios \u00e9ticos fundamentales como la belleza, la justicia o el bien. Una vez acabada la carrera, centros de formaci\u00f3n privada (y tambi\u00e9n p\u00fablicos) ya se ocupan de ofrecer una amplia oferta de m\u00e1ster y especializaciones sobre el campo que cada uno decida elegir.<\/p>\n<p>Si el fin de la Universidad fuera tan solo el de formar los perfiles profesionales que demandan las grandes corporaciones, o el mercado neoliberal imperante, entonces, quiz\u00e1 deber\u00eda dejar de ser p\u00fablica, gratuita y obligatoria. Aunque no ejerzo como docente en la Universidad, creo que afortunadamente en Espa\u00f1a, no corremos este riesgo. Tengo la impresi\u00f3n que<strong> la Universidad P\u00fablica en Espa\u00f1a goza de buena salud en este aspecto.<\/strong><\/p>\n<blockquote class=\"wp-block-quote is-layout-flow wp-block-quote-is-layout-flow\"><p>\u00abla Universidad debe mantenerse en su empe\u00f1o por ense\u00f1ar Arquitectura con may\u00fasculas\u00bb<\/p><\/blockquote>\n<p><strong>\u00bfC\u00f3mo ves el futuro de la Arquitectura en Espa\u00f1a?\u00a0<\/strong><\/p>\n<p>No soy muy optimista en relaci\u00f3n con el futuro de la creatividad, especialmente si contin\u00faa <strong>este clima neoliberal de rendimiento cortoplacista<\/strong>, que nos pone en feroz competencia entre los profesionales.<\/p>\n<p><strong>\u00bfAlgo que no te guste de tu profesi\u00f3n?\u00a0<\/strong><\/p>\n<p>Da mucha pena e impotencia ver c\u00f3mo<strong> la burocracia es extremadamente eficaz para detener la marcha de cualquier proyecto<\/strong>: si quieres que algo no funcione, pero que parezca que s\u00ed lo hace, ah\u00f3galo en papeles y haz creer al sujeto que rellena formularios que con ello est\u00e1 transformando la realidad.<\/p>\n<p>Y esto es extensible a nuestra profesi\u00f3n: los arquitectos pasamos gran parte de nuestra jornada rellenando papeles\u2026 y encontramos escasa receptividad en las administraciones p\u00fablicas que han de atenderlos.<\/p>\n<p><strong>\u00bfC\u00f3mo crees que la inteligencia artificial puede influir en el proceso de dise\u00f1o arquitect\u00f3nico en el futuro? \u00bfPuede ayudar de alguna manera a que sea m\u00e1s saludable para las personas?<\/strong><\/p>\n<p>Para un buen uso de la inteligencia artificial, es necesaria una base de datos seria, fundamentada <strong>en investigaciones minuciosas<\/strong>. Y al menos en Espa\u00f1a, estamos lejos de tenerla. No s\u00e9 el tiempo que nos llevar\u00e1 conseguirlo, pero llegar\u00e1, sin duda. Y entonces podremos hacer <strong>buen (y tambi\u00e9n mal) uso de la inteligencia artificial.\u00a0<\/strong><\/p>\n<p><strong>Si te preguntamos por referentes femeninos dentro de tu profesi\u00f3n, \u00bfqu\u00e9 mujeres arquitectas (de cualquier \u00e1mbito) te han marcado o inspirado?<\/strong><\/p>\n<p>Me gustar\u00eda destacar profesionales a las que he tenido la suerte de conocer en persona cuando aterric\u00e9 en Espa\u00f1a. Una de ellas es <strong>Carmen Espegel<\/strong>, quien evalu\u00f3 el trabajo fin de carrera que hice en la complutense de Madrid para homologar el t\u00edtulo en Espa\u00f1a. Aunque tiene una amplia trayectoria como proyectista, he tenido la suerte de conocerla en <strong>su rol acad\u00e9mico<\/strong>, y <strong>destaco especialmente este aspecto profesional de su carrera<\/strong>.<\/p>\n<p>Otra mujer arquitecta que me inspira especialmente es <strong>Carme Pin\u00f3s<\/strong>, Sus proyectos, por grandes que sean<strong> nunca olvidan la escala humana<\/strong>, ni son tentados por el reverso tenebroso de las corrientes de masas. Encuentro que su capacidad art\u00edstica y su pericia, le permiten superar las exigencias del mercado neoliberal y \u00abregalarnos espacios\u00bb con una especial capacidad para emocionar.\u00a0 \u00bfSer\u00e1 por esto que ha ganado el premio nacional de Arquitectura 2021?<\/p>\n<p>En el Master sobre Arquitectura Sana que hice hace un par de a\u00f1os, conoc\u00ed a <strong>Ana Mombiedro<\/strong>, aqu\u00ed ya estoy hablando de <strong>una mujer de la nueva generaci\u00f3n<\/strong>. Su labor investigadora y docente, en el campo de la neuropsicolog\u00eda y percepci\u00f3n (como disciplinas de apoyo a la arquitectura) bien le valen la tercera o cuarta edici\u00f3n de su libro: <em><strong>Neuroarqutiectura, aprendiendo a trav\u00e9s del espacio<\/strong><\/em>. Y sus investigaciones son de gran ayuda para los que tenemos especial inter\u00e9s en estas \u00e1reas.<\/p>\n","protected":false},"excerpt":{"rendered":"<p>Con una pasi\u00f3n arraigada por la arquitectura y su profunda conexi\u00f3n con el bienestar emocional y f\u00edsico, Bettina Koroluk ha forjado su carrera en el dise\u00f1o y la conservaci\u00f3n del patrimonio edificado. Originaria de Argentina, donde<span class=\"excerpt-hellip\"> [\u2026]<\/span><\/p>\n","protected":false},"author":1,"featured_media":2139,"comment_status":"open","ping_status":"open","sticky":false,"template":"","format":"standard","meta":{"footnotes":"","_links_to":"","_links_to_target":""},"categories":[21],"tags":[],"class_list":["post-2152","post","type-post","status-publish","format-standard","has-post-thumbnail","hentry","category-bitacora-en"],"aioseo_notices":[],"_links":{"self":[{"href":"https:\/\/www.gokostudio.com\/en\/wp-json\/wp\/v2\/posts\/2152","targetHints":{"allow":["GET"]}}],"collection":[{"href":"https:\/\/www.gokostudio.com\/en\/wp-json\/wp\/v2\/posts"}],"about":[{"href":"https:\/\/www.gokostudio.com\/en\/wp-json\/wp\/v2\/types\/post"}],"author":[{"embeddable":true,"href":"https:\/\/www.gokostudio.com\/en\/wp-json\/wp\/v2\/users\/1"}],"replies":[{"embeddable":true,"href":"https:\/\/www.gokostudio.com\/en\/wp-json\/wp\/v2\/comments?post=2152"}],"version-history":[{"count":1,"href":"https:\/\/www.gokostudio.com\/en\/wp-json\/wp\/v2\/posts\/2152\/revisions"}],"predecessor-version":[{"id":2153,"href":"https:\/\/www.gokostudio.com\/en\/wp-json\/wp\/v2\/posts\/2152\/revisions\/2153"}],"wp:featuredmedia":[{"embeddable":true,"href":"https:\/\/www.gokostudio.com\/en\/wp-json\/wp\/v2\/media\/2139"}],"wp:attachment":[{"href":"https:\/\/www.gokostudio.com\/en\/wp-json\/wp\/v2\/media?parent=2152"}],"wp:term":[{"taxonomy":"category","embeddable":true,"href":"https:\/\/www.gokostudio.com\/en\/wp-json\/wp\/v2\/categories?post=2152"},{"taxonomy":"post_tag","embeddable":true,"href":"https:\/\/www.gokostudio.com\/en\/wp-json\/wp\/v2\/tags?post=2152"}],"curies":[{"name":"wp","href":"https:\/\/api.w.org\/{rel}","templated":true}]}}